{"id":916,"date":"2025-06-17T11:01:31","date_gmt":"2025-06-17T11:01:31","guid":{"rendered":"https:\/\/gestoriacano.com\/?post_type=jobpost&#038;p=916"},"modified":"2025-07-11T06:28:48","modified_gmt":"2025-07-11T06:28:48","slug":"trabaja-con-nosotros","status":"publish","type":"jobpost","link":"https:\/\/gestoriacano.com\/en\/jobs\/trabaja-con-nosotros\/","title":{"rendered":"Work with us"},"content":{"rendered":"<h3 data-start=\"178\" data-end=\"217\"><span style=\"font-family: Poppins;\">\u00bfTe gustar\u00eda trabajar con nosotros?<\/span><\/h3>\n<p data-start=\"219\" data-end=\"420\"><span style=\"font-family: Poppins;\">En <strong data-start=\"222\" data-end=\"239\">Gestor\u00eda Cano<\/strong> creemos en el talento, la dedicaci\u00f3n y el trabajo bien hecho. Si eres una persona comprometida, con ganas de aprender y crecer en un entorno profesional, \u00a1nos encantar\u00eda conocerte!<\/span><\/p>\n<p data-start=\"422\" data-end=\"667\"><span style=\"font-family: Poppins;\">Somos una asesor\u00eda en constante crecimiento, especializada en ofrecer soluciones integrales a empresas, aut\u00f3nomos y particulares. Nuestro equipo est\u00e1 formado por profesionales apasionados por la excelencia, el trato cercano y la mejora continua.<\/span><\/p>\n<h4 data-start=\"669\" data-end=\"692\"><span style=\"font-family: Poppins;\">\u00bfQu\u00e9 te ofrecemos?<\/span><\/h4>\n<p data-start=\"694\" data-end=\"957\"><span style=\"font-family: Poppins;\">\u2705 Un entorno de trabajo profesional, colaborativo y estable<\/span><br data-start=\"753\" data-end=\"756\" \/><span style=\"font-family: Poppins;\">\u2705 Formaci\u00f3n continua y oportunidades reales de desarrollo<\/span><br data-start=\"813\" data-end=\"816\" \/><span style=\"font-family: Poppins;\">\u2705 Participaci\u00f3n activa en la gesti\u00f3n de clientes y casos reales<\/span><br data-start=\"879\" data-end=\"882\" \/><span style=\"font-family: Poppins;\">\u2705 Un equipo cercano, con buen ambiente y enfoque en la calidad del servicio<\/span><\/p>","protected":false},"excerpt":{"rendered":"<p>\u00bfTe gustar\u00eda trabajar con nosotros? En Gestor\u00eda Cano creemos en el talento, la dedicaci\u00f3n y el trabajo bien hecho. Si eres una persona comprometida, con ganas de aprender y crecer en un entorno profesional, \u00a1nos encantar\u00eda conocerte! Somos una asesor\u00eda en constante crecimiento, especializada en ofrecer soluciones integrales a empresas, aut\u00f3nomos y particulares. Nuestro equipo est\u00e1 formado por profesionales apasionados por la excelencia, el trato cercano y la mejora continua. \u00bfQu\u00e9 te ofrecemos? \u2705 Un<\/p>","protected":false},"author":1,"featured_media":0,"menu_order":0,"template":"","jobpost_category":[],"jobpost_job_type":[],"jobpost_location":[],"jobpost_tag":[],"class_list":["post-916","jobpost","type-jobpost","status-publish","hentry"],"yoast_head":"<!-- This site is optimized with the Yoast SEO plugin v26.5 - https:\/\/yoast.com\/wordpress\/plugins\/seo\/ -->\n<title>Trabaja con nosotros - Gestoria Cano<\/title>\n<meta name=\"robots\" content=\"index, follow, max-snippet:-1, max-image-preview:large, max-video-preview:-1\" \/>\n<link rel=\"canonical\" href=\"https:\/\/gestoriacano.com\/en\/jobs\/trabaja-con-nosotros\/\" \/>\n<meta property=\"og:locale\" content=\"en_GB\" \/>\n<meta property=\"og:type\" content=\"article\" \/>\n<meta property=\"og:title\" content=\"Trabaja con nosotros - Gestoria Cano\" \/>\n<meta property=\"og:description\" content=\"\u00bfTe gustar\u00eda trabajar con nosotros? En Gestor\u00eda Cano creemos en el talento, la dedicaci\u00f3n y el trabajo bien hecho. Si eres una persona comprometida, con ganas de aprender y crecer en un entorno profesional, \u00a1nos encantar\u00eda conocerte! Somos una asesor\u00eda en constante crecimiento, especializada en ofrecer soluciones integrales a empresas, aut\u00f3nomos y particulares. Nuestro equipo est\u00e1 formado por profesionales apasionados por la excelencia, el trato cercano y la mejora continua. \u00bfQu\u00e9 te ofrecemos? \u2705 Un\" \/>\n<meta property=\"og:url\" content=\"https:\/\/gestoriacano.com\/en\/jobs\/trabaja-con-nosotros\/\" \/>\n<meta property=\"og:site_name\" content=\"Gestoria Cano\" \/>\n<meta property=\"article:modified_time\" content=\"2025-07-11T06:28:48+00:00\" \/>\n<meta name=\"twitter:card\" content=\"summary_large_image\" \/>\n<meta name=\"twitter:label1\" content=\"Estimated reading time\" \/>\n\t<meta name=\"twitter:data1\" content=\"1 minute\" \/>\n<script type=\"application\/ld+json\" class=\"yoast-schema-graph\">{\"@context\":\"https:\/\/schema.org\",\"@graph\":[{\"@type\":\"WebPage\",\"@id\":\"https:\/\/gestoriacano.com\/jobs\/trabaja-con-nosotros\/\",\"url\":\"https:\/\/gestoriacano.com\/jobs\/trabaja-con-nosotros\/\",\"name\":\"Trabaja con nosotros - Gestoria Cano\",\"isPartOf\":{\"@id\":\"https:\/\/gestoriacano.com\/#website\"},\"datePublished\":\"2025-06-17T11:01:31+00:00\",\"dateModified\":\"2025-07-11T06:28:48+00:00\",\"breadcrumb\":{\"@id\":\"https:\/\/gestoriacano.com\/jobs\/trabaja-con-nosotros\/#breadcrumb\"},\"inLanguage\":\"en-GB\",\"potentialAction\":[{\"@type\":\"ReadAction\",\"target\":[\"https:\/\/gestoriacano.com\/jobs\/trabaja-con-nosotros\/\"]}]},{\"@type\":\"BreadcrumbList\",\"@id\":\"https:\/\/gestoriacano.com\/jobs\/trabaja-con-nosotros\/#breadcrumb\",\"itemListElement\":[{\"@type\":\"ListItem\",\"position\":1,\"name\":\"Portada\",\"item\":\"https:\/\/gestoriacano.com\/\"},{\"@type\":\"ListItem\",\"position\":2,\"name\":\"Puestos\",\"item\":\"https:\/\/gestoriacano.com\/jobs\/\"},{\"@type\":\"ListItem\",\"position\":3,\"name\":\"Trabaja con nosotros\"}]},{\"@type\":\"WebSite\",\"@id\":\"https:\/\/gestoriacano.com\/#website\",\"url\":\"https:\/\/gestoriacano.com\/\",\"name\":\"Gestoria Cano\",\"description\":\"Gestor\u00eda Fiscal, Laboral y contable GESTORIA J. CANO S.L\",\"publisher\":{\"@id\":\"https:\/\/gestoriacano.com\/#organization\"},\"potentialAction\":[{\"@type\":\"SearchAction\",\"target\":{\"@type\":\"EntryPoint\",\"urlTemplate\":\"https:\/\/gestoriacano.com\/?s={search_term_string}\"},\"query-input\":{\"@type\":\"PropertyValueSpecification\",\"valueRequired\":true,\"valueName\":\"search_term_string\"}}],\"inLanguage\":\"en-GB\"},{\"@type\":\"Organization\",\"@id\":\"https:\/\/gestoriacano.com\/#organization\",\"name\":\"Gestoria Cano\",\"url\":\"https:\/\/gestoriacano.com\/\",\"logo\":{\"@type\":\"ImageObject\",\"inLanguage\":\"en-GB\",\"@id\":\"https:\/\/gestoriacano.com\/#\/schema\/logo\/image\/\",\"url\":\"https:\/\/gestoriacano.com\/wp-content\/uploads\/2025\/06\/cropped-cropped-464468594_3050948981728615_1114534960744158838_n.jpg\",\"contentUrl\":\"https:\/\/gestoriacano.com\/wp-content\/uploads\/2025\/06\/cropped-cropped-464468594_3050948981728615_1114534960744158838_n.jpg\",\"width\":512,\"height\":147,\"caption\":\"Gestoria Cano\"},\"image\":{\"@id\":\"https:\/\/gestoriacano.com\/#\/schema\/logo\/image\/\"}}]}<\/script>\n<!-- \/ Yoast SEO plugin. -->","yoast_head_json":{"title":"Trabaja con nosotros - Gestoria Cano","robots":{"index":"index","follow":"follow","max-snippet":"max-snippet:-1","max-image-preview":"max-image-preview:large","max-video-preview":"max-video-preview:-1"},"canonical":"https:\/\/gestoriacano.com\/en\/jobs\/trabaja-con-nosotros\/","og_locale":"en_GB","og_type":"article","og_title":"Trabaja con nosotros - Gestoria Cano","og_description":"\u00bfTe gustar\u00eda trabajar con nosotros? En Gestor\u00eda Cano creemos en el talento, la dedicaci\u00f3n y el trabajo bien hecho. Si eres una persona comprometida, con ganas de aprender y crecer en un entorno profesional, \u00a1nos encantar\u00eda conocerte! Somos una asesor\u00eda en constante crecimiento, especializada en ofrecer soluciones integrales a empresas, aut\u00f3nomos y particulares. Nuestro equipo est\u00e1 formado por profesionales apasionados por la excelencia, el trato cercano y la mejora continua. \u00bfQu\u00e9 te ofrecemos? \u2705 Un","og_url":"https:\/\/gestoriacano.com\/en\/jobs\/trabaja-con-nosotros\/","og_site_name":"Gestoria Cano","article_modified_time":"2025-07-11T06:28:48+00:00","twitter_card":"summary_large_image","twitter_misc":{"Estimated reading time":"1 minute"},"schema":{"@context":"https:\/\/schema.org","@graph":[{"@type":"WebPage","@id":"https:\/\/gestoriacano.com\/jobs\/trabaja-con-nosotros\/","url":"https:\/\/gestoriacano.com\/jobs\/trabaja-con-nosotros\/","name":"Trabaja con nosotros - Gestoria Cano","isPartOf":{"@id":"https:\/\/gestoriacano.com\/#website"},"datePublished":"2025-06-17T11:01:31+00:00","dateModified":"2025-07-11T06:28:48+00:00","breadcrumb":{"@id":"https:\/\/gestoriacano.com\/jobs\/trabaja-con-nosotros\/#breadcrumb"},"inLanguage":"en-GB","potentialAction":[{"@type":"ReadAction","target":["https:\/\/gestoriacano.com\/jobs\/trabaja-con-nosotros\/"]}]},{"@type":"BreadcrumbList","@id":"https:\/\/gestoriacano.com\/jobs\/trabaja-con-nosotros\/#breadcrumb","itemListElement":[{"@type":"ListItem","position":1,"name":"Portada","item":"https:\/\/gestoriacano.com\/"},{"@type":"ListItem","position":2,"name":"Puestos","item":"https:\/\/gestoriacano.com\/jobs\/"},{"@type":"ListItem","position":3,"name":"Trabaja con nosotros"}]},{"@type":"WebSite","@id":"https:\/\/gestoriacano.com\/#website","url":"https:\/\/gestoriacano.com\/","name":"Gestoria Cano","description":"Gestor\u00eda Fiscal, Laboral y contable GESTORIA J. CANO S.L","publisher":{"@id":"https:\/\/gestoriacano.com\/#organization"},"potentialAction":[{"@type":"SearchAction","target":{"@type":"EntryPoint","urlTemplate":"https:\/\/gestoriacano.com\/?s={search_term_string}"},"query-input":{"@type":"PropertyValueSpecification","valueRequired":true,"valueName":"search_term_string"}}],"inLanguage":"en-GB"},{"@type":"Organization","@id":"https:\/\/gestoriacano.com\/#organization","name":"Gestoria Cano","url":"https:\/\/gestoriacano.com\/","logo":{"@type":"ImageObject","inLanguage":"en-GB","@id":"https:\/\/gestoriacano.com\/#\/schema\/logo\/image\/","url":"https:\/\/gestoriacano.com\/wp-content\/uploads\/2025\/06\/cropped-cropped-464468594_3050948981728615_1114534960744158838_n.jpg","contentUrl":"https:\/\/gestoriacano.com\/wp-content\/uploads\/2025\/06\/cropped-cropped-464468594_3050948981728615_1114534960744158838_n.jpg","width":512,"height":147,"caption":"Gestoria Cano"},"image":{"@id":"https:\/\/gestoriacano.com\/#\/schema\/logo\/image\/"}}]}},"_links":{"self":[{"href":"https:\/\/gestoriacano.com\/en\/wp-json\/wp\/v2\/jobpost\/916","targetHints":{"allow":["GET"]}}],"collection":[{"href":"https:\/\/gestoriacano.com\/en\/wp-json\/wp\/v2\/jobpost"}],"about":[{"href":"https:\/\/gestoriacano.com\/en\/wp-json\/wp\/v2\/types\/jobpost"}],"author":[{"embeddable":true,"href":"https:\/\/gestoriacano.com\/en\/wp-json\/wp\/v2\/users\/1"}],"wp:attachment":[{"href":"https:\/\/gestoriacano.com\/en\/wp-json\/wp\/v2\/media?parent=916"}],"wp:term":[{"taxonomy":"jobpost_category","embeddable":true,"href":"https:\/\/gestoriacano.com\/en\/wp-json\/wp\/v2\/jobpost_category?post=916"},{"taxonomy":"jobpost_job_type","embeddable":true,"href":"https:\/\/gestoriacano.com\/en\/wp-json\/wp\/v2\/jobpost_job_type?post=916"},{"taxonomy":"jobpost_location","embeddable":true,"href":"https:\/\/gestoriacano.com\/en\/wp-json\/wp\/v2\/jobpost_location?post=916"},{"taxonomy":"jobpost_tag","embeddable":true,"href":"https:\/\/gestoriacano.com\/en\/wp-json\/wp\/v2\/jobpost_tag?post=916"}],"curies":[{"name":"wp","href":"https:\/\/api.w.org\/{rel}","templated":true}]}}